{"id":8901,"date":"2025-11-21T23:59:05","date_gmt":"2025-11-21T23:59:05","guid":{"rendered":"https:\/\/tout-le-shopping.com\/2025\/11\/cadre-photo-bebe-en-bois-personnalisable-idee-2026-pas-cher\/"},"modified":"2025-11-21T23:59:06","modified_gmt":"2025-11-21T23:59:06","slug":"cadre-photo-bebe-en-bois-personnalisable-idee-2026-pas-cher","status":"publish","type":"post","link":"http:\/\/tout-le-shopping.com\/ar\/2025\/11\/cadre-photo-bebe-en-bois-personnalisable-idee-2026-pas-cher\/","title":{"rendered":"Cadre photo b\u00e9b\u00e9 en bois personnalisable. Id\u00e9e 2026 pas cher"},"content":{"rendered":"<p><br \/>\nPrice: <span style=\"color:#b12704\">16,95\u00a0\u20ac<\/span><br \/><i><small>(as of Nov 21, 2025 23:59:07 UTC &#8211; <span class=\"wp_automatic_amazon_disclaimer\" title=\"Product prices and availability are accurate as of the date\/time indicated and are subject to change. Any price and availability information displayed on [relevant Amazon Site(s), as applicable] at the time of purchase will apply to the purchase of this product.\">Details<\/span>)<\/small><\/i><br \/><a href=\"https:\/\/amazon.fr\/dp\/B0CZ287FH8?tag=produitsegg-21\"><img decoding=\"async\" src=\"https:\/\/valvepress.s3.amazonaws.com\/imgs\/buy_now.png\"><\/a><br \/>\n<br \/>\nUn cadeau unique et personnalis\u00e9 : pour faire plaisir et offrir un cadeau inoubliable et unique, ce cadeau sera parfait pour des occasions comme une naissance, un premier anniversaire ou un bapt\u00eame. La gravure laser permet une personnalisation et une durabilit\u00e9 du marquage. Vous pouvez ainsi graver un pr\u00e9nom, un texte ou un motif sur les emplacements pr\u00e9vus \u00e0 cet effet<br \/>Personnalisation: Pr\u00e9nom: Faites graver le pr\u00e9nom de votre b\u00e9b\u00e9 pour une touche personnelle et significative. Date de naissance: Comm\u00e9morez la date exacte o\u00f9 votre petit tr\u00e9sor a vu le jour. Poids et Taille: Gardez en m\u00e9moire les d\u00e9tails pr\u00e9cis de la naissance de votre b\u00e9b\u00e9 avec la gravure de son poids et de sa taille \u00e0 la naissance.<br \/>Dimensions du produit: 29,5*20*5.5 cm. Il permet de mettre une photo de 15*10 cm en format paysage. cadre sur pied permettant de mettre en valeur votre nouveau n\u00e9<br \/>Que vous cherchiez un cadeau attentionn\u00e9 pour des amis ou de la famille, ou que vous souhaitiez simplement comm\u00e9morer la naissance de votre propre enfant, notre cadre photo b\u00e9b\u00e9 personnalisable est un choix s\u00fbr et \u00e9motionnellement significatif. Offrez un cadeau qui sera ch\u00e9ri pour les ann\u00e9es \u00e0 venir. Commandez d\u00e8s maintenant et cr\u00e9ez un souvenir inoubliable !<br \/>Exp\u00e9dition rapide : d\u00e8s la r\u00e9ception de votre commande nous nous assurons de r\u00e9aliser votre commande dans les plus brefs d\u00e9lais<br \/>\n[product_summary]<br \/>\n<br \/><\/p>","protected":false},"excerpt":{"rendered":"<p> Un cadeau unique et personnalis\u00e9 : pour faire plaisir et offrir un cadeau inoubliable et [&hellip;]<\/p>","protected":false},"author":1,"featured_media":8902,"comment_status":"open","ping_status":"open","sticky":false,"template":"","format":"standard","meta":{"site-sidebar-layout":"default","site-content-layout":"","ast-site-content-layout":"default","site-content-style":"default","site-sidebar-style":"default","ast-global-header-display":"","ast-banner-title-visibility":"","ast-main-header-display":"","ast-hfb-above-header-display":"","ast-hfb-below-header-display":"","ast-hfb-mobile-header-display":"","site-post-title":"","ast-breadcrumbs-content":"","ast-featured-img":"","footer-sml-layout":"","theme-transparent-header-meta":"","adv-header-id-meta":"","stick-header-meta":"","header-above-stick-meta":"","header-main-stick-meta":"","header-below-stick-meta":"","astra-migrate-meta-layouts":"default","ast-page-background-enabled":"default","ast-page-background-meta":{"desktop":{"background-color":"var(--ast-global-color-5)","background-image":"","background-repeat":"repeat","background-position":"center center","background-size":"auto","background-attachment":"scroll","background-type":"","background-media":"","overlay-type":"","overlay-color":"","overlay-opacity":"","overlay-gradient":""},"tablet":{"background-color":"","background-image":"","background-repeat":"repeat","background-position":"center center","background-size":"auto","background-attachment":"scroll","background-type":"","background-media":"","overlay-type":"","overlay-color":"","overlay-opacity":"","overlay-gradient":""},"mobile":{"background-color":"","background-image":"","background-repeat":"repeat","background-position":"center center","background-size":"auto","background-attachment":"scroll","background-type":"","background-media":"","overlay-type":"","overlay-color":"","overlay-opacity":"","overlay-gradient":""}},"ast-content-background-meta":{"desktop":{"background-color":"var(--ast-global-color-4)","background-image":"","background-repeat":"repeat","background-position":"center center","background-size":"auto","background-attachment":"scroll","background-type":"","background-media":"","overlay-type":"","overlay-color":"","overlay-opacity":"","overlay-gradient":""},"tablet":{"background-color":"var(--ast-global-color-4)","background-image":"","background-repeat":"repeat","background-position":"center center","background-size":"auto","background-attachment":"scroll","background-type":"","background-media":"","overlay-type":"","overlay-color":"","overlay-opacity":"","overlay-gradient":""},"mobile":{"background-color":"var(--ast-global-color-4)","background-image":"","background-repeat":"repeat","background-position":"center center","background-size":"auto","background-attachment":"scroll","background-type":"","background-media":"","overlay-type":"","overlay-color":"","overlay-opacity":"","overlay-gradient":""}},"_jetpack_memberships_contains_paid_content":false,"footnotes":""},"categories":[1],"tags":[],"class_list":["post-8901","post","type-post","status-publish","format-standard","has-post-thumbnail","hentry","category-uncategorized"],"jetpack_featured_media_url":"https:\/\/tout-le-shopping.com\/wp-content\/uploads\/2025\/11\/Cadre-photo-bebe-en-bois-personnalisable-Idee-2026-pas-cher.jpg","jetpack_sharing_enabled":true,"_links":{"self":[{"href":"http:\/\/tout-le-shopping.com\/ar\/wp-json\/wp\/v2\/posts\/8901","targetHints":{"allow":["GET"]}}],"collection":[{"href":"http:\/\/tout-le-shopping.com\/ar\/wp-json\/wp\/v2\/posts"}],"about":[{"href":"http:\/\/tout-le-shopping.com\/ar\/wp-json\/wp\/v2\/types\/post"}],"author":[{"embeddable":true,"href":"http:\/\/tout-le-shopping.com\/ar\/wp-json\/wp\/v2\/users\/1"}],"replies":[{"embeddable":true,"href":"http:\/\/tout-le-shopping.com\/ar\/wp-json\/wp\/v2\/comments?post=8901"}],"version-history":[{"count":1,"href":"http:\/\/tout-le-shopping.com\/ar\/wp-json\/wp\/v2\/posts\/8901\/revisions"}],"predecessor-version":[{"id":8903,"href":"http:\/\/tout-le-shopping.com\/ar\/wp-json\/wp\/v2\/posts\/8901\/revisions\/8903"}],"wp:featuredmedia":[{"embeddable":true,"href":"http:\/\/tout-le-shopping.com\/ar\/wp-json\/wp\/v2\/media\/8902"}],"wp:attachment":[{"href":"http:\/\/tout-le-shopping.com\/ar\/wp-json\/wp\/v2\/media?parent=8901"}],"wp:term":[{"taxonomy":"category","embeddable":true,"href":"http:\/\/tout-le-shopping.com\/ar\/wp-json\/wp\/v2\/categories?post=8901"},{"taxonomy":"post_tag","embeddable":true,"href":"http:\/\/tout-le-shopping.com\/ar\/wp-json\/wp\/v2\/tags?post=8901"}],"curies":[{"name":"wp","href":"https:\/\/api.w.org\/{rel}","templated":true}]}}