{"id":8472,"date":"2025-11-15T22:39:10","date_gmt":"2025-11-15T22:39:10","guid":{"rendered":"https:\/\/tout-le-shopping.com\/2025\/11\/veste-dexterieur-avec-logo-personnalise-2026-pas-cher\/"},"modified":"2025-11-15T22:39:11","modified_gmt":"2025-11-15T22:39:11","slug":"veste-dexterieur-avec-logo-personnalise-2026-pas-cher","status":"publish","type":"post","link":"http:\/\/tout-le-shopping.com\/en\/2025\/11\/veste-dexterieur-avec-logo-personnalise-2026-pas-cher\/","title":{"rendered":"Veste D&rsquo;ext\u00e9rieur avec Logo Personnalis\u00e9, 2026 pas cher"},"content":{"rendered":"<p><br \/>\nPrice: <span style=\"color:#b12704\">22,99\u00a0\u20ac<\/span><br \/><i><small>(as of Nov 15, 2025 22:39:11 UTC &#8211; <span class=\"wp_automatic_amazon_disclaimer\" title=\"Product prices and availability are accurate as of the date\/time indicated and are subject to change. Any price and availability information displayed on [relevant Amazon Site(s), as applicable] at the time of purchase will apply to the purchase of this product.\">Details<\/span>)<\/small><\/i><br \/><a href=\"https:\/\/amazon.fr\/dp\/B0CZ5MCX8T?tag=produitsegg-21\"><img decoding=\"async\" src=\"https:\/\/valvepress.s3.amazonaws.com\/imgs\/buy_now.png\"><\/a><br \/>\n<br \/>\nPersonnalisable : Sweat \u00e0 capuche personnalis\u00e9 avec votre photo et votre texte personnalis\u00e9s.<br \/>Port confortable : la veste personnalis\u00e9e d\u00e9contract\u00e9e est l\u00e9g\u00e8re et respirante et ne lie pas le corps ou les bras pendant la marche ou le sport.<br \/>Id\u00e9al pour un usage quotidien d\u00e9contract\u00e9, pour l&rsquo;ext\u00e9rieur, les vacances, la d\u00e9tente et la randonn\u00e9e. Convient pour le printemps, l&rsquo;\u00e9t\u00e9 et l&rsquo;automne.<br \/>Lav\u00e9 \u00e0 la main ou en machine, et il ne peut pas \u00eatre tremp\u00e9 dans l&rsquo;eau chaude. Lors du lavage avec un d\u00e9tergent, la temp\u00e9rature du liquide de lavage ne doit pas d\u00e9passer 45 \u00baC.<br \/>Cadeau personnalis\u00e9 : cadeau unique pour un membre de votre famille, vos amis, votre couple, votre amoureux, votre groupe, votre \u00e9quipe et votre entreprise. \u00c9galement un excellent cadeau de bricolage pour un anniversaire, une remise de dipl\u00f4me, la Saint-Valentin, un anniversaire et d&rsquo;autres festivals.<br \/>\n[product_summary]<br \/>\n<br \/><\/p>","protected":false},"excerpt":{"rendered":"<p> Personnalisable : Sweat \u00e0 capuche personnalis\u00e9 avec votre photo et votre texte personnalis\u00e9s.Port confortable : [&hellip;]<\/p>","protected":false},"author":1,"featured_media":8473,"comment_status":"open","ping_status":"open","sticky":false,"template":"","format":"standard","meta":{"site-sidebar-layout":"default","site-content-layout":"","ast-site-content-layout":"default","site-content-style":"default","site-sidebar-style":"default","ast-global-header-display":"","ast-banner-title-visibility":"","ast-main-header-display":"","ast-hfb-above-header-display":"","ast-hfb-below-header-display":"","ast-hfb-mobile-header-display":"","site-post-title":"","ast-breadcrumbs-content":"","ast-featured-img":"","footer-sml-layout":"","theme-transparent-header-meta":"","adv-header-id-meta":"","stick-header-meta":"","header-above-stick-meta":"","header-main-stick-meta":"","header-below-stick-meta":"","astra-migrate-meta-layouts":"default","ast-page-background-enabled":"default","ast-page-background-meta":{"desktop":{"background-color":"var(--ast-global-color-5)","background-image":"","background-repeat":"repeat","background-position":"center center","background-size":"auto","background-attachment":"scroll","background-type":"","background-media":"","overlay-type":"","overlay-color":"","overlay-opacity":"","overlay-gradient":""},"tablet":{"background-color":"","background-image":"","background-repeat":"repeat","background-position":"center center","background-size":"auto","background-attachment":"scroll","background-type":"","background-media":"","overlay-type":"","overlay-color":"","overlay-opacity":"","overlay-gradient":""},"mobile":{"background-color":"","background-image":"","background-repeat":"repeat","background-position":"center center","background-size":"auto","background-attachment":"scroll","background-type":"","background-media":"","overlay-type":"","overlay-color":"","overlay-opacity":"","overlay-gradient":""}},"ast-content-background-meta":{"desktop":{"background-color":"var(--ast-global-color-4)","background-image":"","background-repeat":"repeat","background-position":"center center","background-size":"auto","background-attachment":"scroll","background-type":"","background-media":"","overlay-type":"","overlay-color":"","overlay-opacity":"","overlay-gradient":""},"tablet":{"background-color":"var(--ast-global-color-4)","background-image":"","background-repeat":"repeat","background-position":"center center","background-size":"auto","background-attachment":"scroll","background-type":"","background-media":"","overlay-type":"","overlay-color":"","overlay-opacity":"","overlay-gradient":""},"mobile":{"background-color":"var(--ast-global-color-4)","background-image":"","background-repeat":"repeat","background-position":"center center","background-size":"auto","background-attachment":"scroll","background-type":"","background-media":"","overlay-type":"","overlay-color":"","overlay-opacity":"","overlay-gradient":""}},"_jetpack_memberships_contains_paid_content":false,"footnotes":""},"categories":[1],"tags":[],"class_list":["post-8472","post","type-post","status-publish","format-standard","has-post-thumbnail","hentry","category-uncategorized"],"jetpack_featured_media_url":"https:\/\/tout-le-shopping.com\/wp-content\/uploads\/2025\/11\/Veste-Dexterieur-avec-Logo-Personnalise-2026-pas-cher.jpg","jetpack_sharing_enabled":true,"_links":{"self":[{"href":"http:\/\/tout-le-shopping.com\/en\/wp-json\/wp\/v2\/posts\/8472","targetHints":{"allow":["GET"]}}],"collection":[{"href":"http:\/\/tout-le-shopping.com\/en\/wp-json\/wp\/v2\/posts"}],"about":[{"href":"http:\/\/tout-le-shopping.com\/en\/wp-json\/wp\/v2\/types\/post"}],"author":[{"embeddable":true,"href":"http:\/\/tout-le-shopping.com\/en\/wp-json\/wp\/v2\/users\/1"}],"replies":[{"embeddable":true,"href":"http:\/\/tout-le-shopping.com\/en\/wp-json\/wp\/v2\/comments?post=8472"}],"version-history":[{"count":1,"href":"http:\/\/tout-le-shopping.com\/en\/wp-json\/wp\/v2\/posts\/8472\/revisions"}],"predecessor-version":[{"id":8474,"href":"http:\/\/tout-le-shopping.com\/en\/wp-json\/wp\/v2\/posts\/8472\/revisions\/8474"}],"wp:featuredmedia":[{"embeddable":true,"href":"http:\/\/tout-le-shopping.com\/en\/wp-json\/wp\/v2\/media\/8473"}],"wp:attachment":[{"href":"http:\/\/tout-le-shopping.com\/en\/wp-json\/wp\/v2\/media?parent=8472"}],"wp:term":[{"taxonomy":"category","embeddable":true,"href":"http:\/\/tout-le-shopping.com\/en\/wp-json\/wp\/v2\/categories?post=8472"},{"taxonomy":"post_tag","embeddable":true,"href":"http:\/\/tout-le-shopping.com\/en\/wp-json\/wp\/v2\/tags?post=8472"}],"curies":[{"name":"wp","href":"https:\/\/api.w.org\/{rel}","templated":true}]}}